{"id":997,"date":"2020-07-22T15:12:49","date_gmt":"2020-07-22T15:12:49","guid":{"rendered":"https:\/\/www.prdaigl.bi\/?p=997"},"modified":"2020-07-22T15:12:53","modified_gmt":"2020-07-22T15:12:53","slug":"la-joie-des-femmes-rurales-appuyees-par-le-prdaigl-lors-de-la-celebration-de-la-journee-internationale-de-la-femme","status":"publish","type":"post","link":"https:\/\/prdaigl.bi\/?p=997","title":{"rendered":"La joie des femmes rurales appuy\u00e9es par le PRDAIGL lors de la c\u00e9l\u00e9bration de la Journ\u00e9e Internationale de la Femme."},"content":{"rendered":"<p><a href=\"https:\/\/www.facebook.com\/hashtag\/burundi?__eep__=6&amp;__cft__%5b0%5d=AZWpKd0NV0__SFam8-sesYkQ16MVbpVXdyoMfq7JUoy4Hpn8AAUe6FGaaSsZnuv504bJuzU3gLSxxjKdITyeIIqaEe2pYZ4N_XJX1hzjIsW8wTxTUbdlsvoGSvkl_m49UbnpIwPnxPQ1QjEXaWA2dF-snCD818u9T2x6R3f2pNpRUw&amp;__tn__=*NK-R\"><strong>#Burundi<\/strong><\/a> <a href=\"https:\/\/www.facebook.com\/hashtag\/iwd2019?__eep__=6&amp;__cft__%5b0%5d=AZWpKd0NV0__SFam8-sesYkQ16MVbpVXdyoMfq7JUoy4Hpn8AAUe6FGaaSsZnuv504bJuzU3gLSxxjKdITyeIIqaEe2pYZ4N_XJX1hzjIsW8wTxTUbdlsvoGSvkl_m49UbnpIwPnxPQ1QjEXaWA2dF-snCD818u9T2x6R3f2pNpRUw&amp;__tn__=*NK-R\"><strong>#IWD2019<\/strong><\/a> C\u00e9l\u00e9bration ce jeudi 21 mars de la Journ\u00e9e Internationale de la Femme \u00e0 en province Rumonge. Des femmes repr\u00e9sentantes des associations des agriculteurs appuy\u00e9es par le PRDAIGL dans cette province ont particip\u00e9 \u00e0 cette c\u00e9l\u00e9bration.<\/p>\n<p><iframe src=\"https:\/\/www.youtube.com\/embed\/fdFUEIfnvIk\" width=\"560\" height=\"315\" frameborder=\"0\" allowfullscreen=\"allowfullscreen\"><\/iframe><\/p>\n","protected":false},"excerpt":{"rendered":"<p>#Burundi #IWD2019 C\u00e9l\u00e9bration ce jeudi 21 mars de la Journ\u00e9e Internationale de la Femme \u00e0 en province Rumonge. Des femmes repr\u00e9sentantes des associations des agriculteurs appuy\u00e9es par le PRDAIGL dans cette province ont particip\u00e9 \u00e0 cette c\u00e9l\u00e9bration.<\/p>\n","protected":false},"author":1,"featured_media":998,"comment_status":"open","ping_status":"open","sticky":false,"template":"","format":"standard","meta":{"footnotes":""},"categories":[39],"tags":[],"_links":{"self":[{"href":"https:\/\/prdaigl.bi\/index.php?rest_route=\/wp\/v2\/posts\/997"}],"collection":[{"href":"https:\/\/prdaigl.bi\/index.php?rest_route=\/wp\/v2\/posts"}],"about":[{"href":"https:\/\/prdaigl.bi\/index.php?rest_route=\/wp\/v2\/types\/post"}],"author":[{"embeddable":true,"href":"https:\/\/prdaigl.bi\/index.php?rest_route=\/wp\/v2\/users\/1"}],"replies":[{"embeddable":true,"href":"https:\/\/prdaigl.bi\/index.php?rest_route=%2Fwp%2Fv2%2Fcomments&post=997"}],"version-history":[{"count":1,"href":"https:\/\/prdaigl.bi\/index.php?rest_route=\/wp\/v2\/posts\/997\/revisions"}],"predecessor-version":[{"id":999,"href":"https:\/\/prdaigl.bi\/index.php?rest_route=\/wp\/v2\/posts\/997\/revisions\/999"}],"wp:featuredmedia":[{"embeddable":true,"href":"https:\/\/prdaigl.bi\/index.php?rest_route=\/wp\/v2\/media\/998"}],"wp:attachment":[{"href":"https:\/\/prdaigl.bi\/index.php?rest_route=%2Fwp%2Fv2%2Fmedia&parent=997"}],"wp:term":[{"taxonomy":"category","embeddable":true,"href":"https:\/\/prdaigl.bi\/index.php?rest_route=%2Fwp%2Fv2%2Fcategories&post=997"},{"taxonomy":"post_tag","embeddable":true,"href":"https:\/\/prdaigl.bi\/index.php?rest_route=%2Fwp%2Fv2%2Ftags&post=997"}],"curies":[{"name":"wp","href":"https:\/\/api.w.org\/{rel}","templated":true}]}}