{"id":707,"date":"2020-07-18T08:01:16","date_gmt":"2020-07-18T08:01:16","guid":{"rendered":"https:\/\/www.prdaigl.bi\/?p=707"},"modified":"2020-07-20T08:50:28","modified_gmt":"2020-07-20T08:50:28","slug":"premiere-intervention-durgence-campagne-contre-la-ppr","status":"publish","type":"post","link":"https:\/\/prdaigl.bi\/?p=707","title":{"rendered":"Premi\u00e8re Intervention d&#8217;Urgence: Campagne contre la PPR"},"content":{"rendered":"<p style=\"text-align: justify;\">La peste des Petits Ruminants est apparue pour la premi\u00e8re fois au Burundi vers la fin de d\u00e9cembre 2017. Les foyers d\u2019\u00e9mergence&nbsp; de cette maladie sont constitu\u00e9s par la province de Kirundo, Mwaro et Gitega et la maladie s\u2019est &nbsp;\u00e9tendue vers les provinces de Karusi, Muramvya, Kayanza, Cibitoke et Bubanza.<\/p>\n<p style=\"text-align: justify;\">Apr\u00e8s la confirmation de cette maladie, des mesures d\u2019urgence ont \u00e9t\u00e9 prises pour contenir les foyers de la maladie dont notamment l\u2019interdiction du mouvement des petits ruminants ainsi que leur importation.<\/p>\n<p style=\"text-align: justify;\">En collaboration avec ses partenaires, le Minist\u00e8re de l\u2019Environnement, de l\u2019Agriculture et de l\u2019Elevage a mobilis\u00e9 des fonds, &nbsp;planifi\u00e9 et valid\u00e9 un plan de contingence op\u00e9rationnel o\u00f9 plusieurs activit\u00e9s ont \u00e9t\u00e9 identifi\u00e9es dont la vaccination des petits ruminants \u00e0 travers tout pays pour venir \u00e0 bout de cette maladie.<\/p>\n<p style=\"text-align: justify;\">La campagne de vaccination s\u2019est d\u00e9roul\u00e9e dans tout le pays. Plus de 3 millions ch\u00e8vres et moutons ont \u00e9t\u00e9 vaccin\u00e9s.<\/p>\n<p style=\"text-align: justify;\"><strong>&nbsp;<\/strong><\/p>\n","protected":false},"excerpt":{"rendered":"<p>La peste des Petits Ruminants est apparue pour la premi\u00e8re fois au Burundi vers la fin de d\u00e9cembre 2017. Les foyers d\u2019\u00e9mergence&nbsp; de cette maladie sont constitu\u00e9s par la province de Kirundo, Mwaro et Gitega et la maladie s\u2019est &nbsp;\u00e9tendue &hellip; <\/p>\n","protected":false},"author":1,"featured_media":708,"comment_status":"open","ping_status":"open","sticky":false,"template":"","format":"standard","meta":{"footnotes":""},"categories":[46],"tags":[],"_links":{"self":[{"href":"https:\/\/prdaigl.bi\/index.php?rest_route=\/wp\/v2\/posts\/707"}],"collection":[{"href":"https:\/\/prdaigl.bi\/index.php?rest_route=\/wp\/v2\/posts"}],"about":[{"href":"https:\/\/prdaigl.bi\/index.php?rest_route=\/wp\/v2\/types\/post"}],"author":[{"embeddable":true,"href":"https:\/\/prdaigl.bi\/index.php?rest_route=\/wp\/v2\/users\/1"}],"replies":[{"embeddable":true,"href":"https:\/\/prdaigl.bi\/index.php?rest_route=%2Fwp%2Fv2%2Fcomments&post=707"}],"version-history":[{"count":2,"href":"https:\/\/prdaigl.bi\/index.php?rest_route=\/wp\/v2\/posts\/707\/revisions"}],"predecessor-version":[{"id":796,"href":"https:\/\/prdaigl.bi\/index.php?rest_route=\/wp\/v2\/posts\/707\/revisions\/796"}],"wp:featuredmedia":[{"embeddable":true,"href":"https:\/\/prdaigl.bi\/index.php?rest_route=\/wp\/v2\/media\/708"}],"wp:attachment":[{"href":"https:\/\/prdaigl.bi\/index.php?rest_route=%2Fwp%2Fv2%2Fmedia&parent=707"}],"wp:term":[{"taxonomy":"category","embeddable":true,"href":"https:\/\/prdaigl.bi\/index.php?rest_route=%2Fwp%2Fv2%2Fcategories&post=707"},{"taxonomy":"post_tag","embeddable":true,"href":"https:\/\/prdaigl.bi\/index.php?rest_route=%2Fwp%2Fv2%2Ftags&post=707"}],"curies":[{"name":"wp","href":"https:\/\/api.w.org\/{rel}","templated":true}]}}