{"id":685,"date":"2020-07-18T06:33:35","date_gmt":"2020-07-18T06:33:35","guid":{"rendered":"https:\/\/www.prdaigl.bi\/?p=685"},"modified":"2020-07-21T09:29:39","modified_gmt":"2020-07-21T09:29:39","slug":"protection-de-lenvironnement","status":"publish","type":"post","link":"https:\/\/prdaigl.bi\/?p=685","title":{"rendered":"Protection de l\u2019environnement"},"content":{"rendered":"<p style=\"text-align: justify;\">Dans le cadre de la gestion durable des terres et des bassins versants , le PRDAIGL contribue \u00e0 la production des plants agro-forestiers avec usage en pepiniere de z\u00e9ro sachets non-biod\u00e9gradables.<\/p>\n","protected":false},"excerpt":{"rendered":"<p>Dans le cadre de la gestion durable des terres et des bassins versants , le PRDAIGL contribue \u00e0 la production des plants agro-forestiers avec usage en pepiniere de z\u00e9ro sachets non-biod\u00e9gradables.<\/p>\n","protected":false},"author":1,"featured_media":379,"comment_status":"open","ping_status":"open","sticky":false,"template":"","format":"standard","meta":{"footnotes":""},"categories":[33],"tags":[],"_links":{"self":[{"href":"https:\/\/prdaigl.bi\/index.php?rest_route=\/wp\/v2\/posts\/685"}],"collection":[{"href":"https:\/\/prdaigl.bi\/index.php?rest_route=\/wp\/v2\/posts"}],"about":[{"href":"https:\/\/prdaigl.bi\/index.php?rest_route=\/wp\/v2\/types\/post"}],"author":[{"embeddable":true,"href":"https:\/\/prdaigl.bi\/index.php?rest_route=\/wp\/v2\/users\/1"}],"replies":[{"embeddable":true,"href":"https:\/\/prdaigl.bi\/index.php?rest_route=%2Fwp%2Fv2%2Fcomments&post=685"}],"version-history":[{"count":1,"href":"https:\/\/prdaigl.bi\/index.php?rest_route=\/wp\/v2\/posts\/685\/revisions"}],"predecessor-version":[{"id":686,"href":"https:\/\/prdaigl.bi\/index.php?rest_route=\/wp\/v2\/posts\/685\/revisions\/686"}],"wp:featuredmedia":[{"embeddable":true,"href":"https:\/\/prdaigl.bi\/index.php?rest_route=\/wp\/v2\/media\/379"}],"wp:attachment":[{"href":"https:\/\/prdaigl.bi\/index.php?rest_route=%2Fwp%2Fv2%2Fmedia&parent=685"}],"wp:term":[{"taxonomy":"category","embeddable":true,"href":"https:\/\/prdaigl.bi\/index.php?rest_route=%2Fwp%2Fv2%2Fcategories&post=685"},{"taxonomy":"post_tag","embeddable":true,"href":"https:\/\/prdaigl.bi\/index.php?rest_route=%2Fwp%2Fv2%2Ftags&post=685"}],"curies":[{"name":"wp","href":"https:\/\/api.w.org\/{rel}","templated":true}]}}