{"id":587,"date":"2020-07-16T09:24:36","date_gmt":"2020-07-16T09:24:36","guid":{"rendered":"https:\/\/www.prdaigl.bi\/?p=587"},"modified":"2020-07-22T14:27:52","modified_gmt":"2020-07-22T14:27:52","slug":"les-jeunes-peuvent-se-creer-de-lemploi-et-le-prdaigl-accompagne","status":"publish","type":"post","link":"https:\/\/prdaigl.bi\/?p=587","title":{"rendered":"Les jeunes peuvent se  cr\u00e9er de l\u2019emploi et le PRDAIGL accompagne"},"content":{"rendered":"<p style=\"text-align: justify;\">Avec le PRDAIGL, les sans emploi n\u2019ont pas \u00e0 s\u2019inqui\u00e9ter. Prosper Ndayikengurukiye, pr\u00e9sident de la coop\u00e9rative Tugwanye Ama ligala, en est t\u00e9moin. \u00ab\u00a0Nous les membres de l\u2019association Tugwanye ama ligala n\u2019avions pas d\u2019emploi. Nous avons d\u00e9cid\u00e9 d\u2019unir nos forces \u00e0 travers la cr\u00e9ation d\u2019une coop\u00e9rative. Quand le PRDAIGL est venu, nous l\u2019avons approch\u00e9 avec notre seul capital, \u2018la force et la volont\u00e9 de travailler\u2019. Ce dernier a promis de nous appuyer \u00e0 travers l\u2019agriculture\u00a0\u00bb, dit M. Ndayikengurukiye. Et, aujourd\u2019hui, \u00e7a fait la deuxi\u00e8me ann\u00e9e que cette coop\u00e9rative travaille dans ce secteur d\u2019agriculture. D\u00e9j\u00e0, les membres sont satisfaits du pas franchi, du changement de mode de vie et de leur d\u00e9veloppement. Ils n\u2019ont plus peur de leur avenir. En effet, avec une superficie de 4 hectares, ils esp\u00e8rent r\u00e9colter entre 12 et 13 tonnes de ma\u00efs. Ils appr\u00e9cient \u00e9norm\u00e9ment la vari\u00e9t\u00e9 introduite par le PRDAIGL. En plus de cette culture, ils ont associ\u00e9 le soja et tous\u00a0 ont \u00e9t\u00e9\u00a0 admirablement productifs. Ils remarquent qu\u2019ils pourront m\u00eame cr\u00e9er de l\u2019emploi pour les autres avec cette activit\u00e9.<\/p>\n<p style=\"text-align: justify;\">M\u00eame son de cloche chez les rapatri\u00e9s appuy\u00e9s par ce m\u00eame Projet. La satisfaction gr\u00e2ce aux appuis du PRDAIGL se lit \u00e0 leurs visages. Ces appuis leur permettent de sortir de la pauvret\u00e9 aigue, affirme C\u00e9cile Nzeyimana du site des rapatri\u00e9s de Maramvya, tout en regrettant le manque criant de terres cultivable et de b\u00e9tail pour bien mener les activit\u00e9s agricoles.<\/p>\n","protected":false},"excerpt":{"rendered":"<p>Avec le PRDAIGL, les sans emploi n\u2019ont pas \u00e0 s\u2019inqui\u00e9ter. Prosper Ndayikengurukiye, pr\u00e9sident de la coop\u00e9rative Tugwanye Ama ligala, en est t\u00e9moin. \u00ab\u00a0Nous les membres de l\u2019association Tugwanye ama ligala n\u2019avions pas d\u2019emploi. Nous avons d\u00e9cid\u00e9 d\u2019unir nos forces \u00e0 &hellip; <\/p>\n","protected":false},"author":1,"featured_media":883,"comment_status":"open","ping_status":"open","sticky":false,"template":"","format":"standard","meta":{"footnotes":""},"categories":[33,38,37,34],"tags":[],"_links":{"self":[{"href":"https:\/\/prdaigl.bi\/index.php?rest_route=\/wp\/v2\/posts\/587"}],"collection":[{"href":"https:\/\/prdaigl.bi\/index.php?rest_route=\/wp\/v2\/posts"}],"about":[{"href":"https:\/\/prdaigl.bi\/index.php?rest_route=\/wp\/v2\/types\/post"}],"author":[{"embeddable":true,"href":"https:\/\/prdaigl.bi\/index.php?rest_route=\/wp\/v2\/users\/1"}],"replies":[{"embeddable":true,"href":"https:\/\/prdaigl.bi\/index.php?rest_route=%2Fwp%2Fv2%2Fcomments&post=587"}],"version-history":[{"count":3,"href":"https:\/\/prdaigl.bi\/index.php?rest_route=\/wp\/v2\/posts\/587\/revisions"}],"predecessor-version":[{"id":988,"href":"https:\/\/prdaigl.bi\/index.php?rest_route=\/wp\/v2\/posts\/587\/revisions\/988"}],"wp:featuredmedia":[{"embeddable":true,"href":"https:\/\/prdaigl.bi\/index.php?rest_route=\/wp\/v2\/media\/883"}],"wp:attachment":[{"href":"https:\/\/prdaigl.bi\/index.php?rest_route=%2Fwp%2Fv2%2Fmedia&parent=587"}],"wp:term":[{"taxonomy":"category","embeddable":true,"href":"https:\/\/prdaigl.bi\/index.php?rest_route=%2Fwp%2Fv2%2Fcategories&post=587"},{"taxonomy":"post_tag","embeddable":true,"href":"https:\/\/prdaigl.bi\/index.php?rest_route=%2Fwp%2Fv2%2Ftags&post=587"}],"curies":[{"name":"wp","href":"https:\/\/api.w.org\/{rel}","templated":true}]}}